{"id":513,"date":"2017-02-07T08:45:50","date_gmt":"2017-02-07T08:45:50","guid":{"rendered":"http:\/\/iahc.upc.edu\/?p=513"},"modified":"2017-04-19T11:38:44","modified_gmt":"2017-04-19T11:38:44","slug":"sant-pau-del-camp","status":"publish","type":"post","link":"https:\/\/iahc.upc.edu\/?p=513","title":{"rendered":"Sant Pau del Camp"},"content":{"rendered":"<div id=\"pl-513\"  class=\"panel-layout\" ><div id=\"pg-513-0\"  class=\"panel-grid panel-no-style\" ><div id=\"pgc-513-0-0\"  class=\"panel-grid-cell\" ><div id=\"panel-513-0-0-0\" class=\"so-panel widget widget_sow-image panel-first-child panel-last-child\" data-index=\"0\" ><div\n\t\t\t\n\t\t\tclass=\"so-widget-sow-image so-widget-sow-image-default-c67d20f9f743-513\"\n\t\t\t\n\t\t>\n<div class=\"sow-image-container\">\n\t\t<img \n\tsrc=\"https:\/\/iahc.upc.edu\/wp-content\/uploads\/2017\/01\/14.jpg\" width=\"300\" height=\"208\" sizes=\"(max-width: 300px) 100vw, 300px\" title=\"Air view\" alt=\"\" \t\tclass=\"so-widget-image\"\/>\n\t<\/div>\n\n<\/div><\/div><\/div><\/div><div id=\"pg-513-1\"  class=\"panel-grid panel-no-style\" ><div id=\"pgc-513-1-0\"  class=\"panel-grid-cell\" ><div id=\"panel-513-1-0-0\" class=\"so-panel widget widget_sow-editor panel-first-child panel-last-child\" data-index=\"1\" ><div\n\t\t\t\n\t\t\tclass=\"so-widget-sow-editor so-widget-sow-editor-base\"\n\t\t\t\n\t\t>\n<div class=\"siteorigin-widget-tinymce textwidget\">\n\t<h2>BRIEF HISTORY<\/h2>\n<p style=\"text-align: justify;\"><span style=\"font-size: 12pt;\">There are different theories, depending on the author we read, about the establishment of the monastery. There exist documents that prove that Sant Pau del Camp was functioning as a monastery since 991. It is believed that the monastery was destroyed by Al Mansur\u2019s troops. After that, it was rebuilt and returned to its normal activities in the XI century.<\/span><\/p>\n<p style=\"text-align: justify;\"><span style=\"font-size: 12pt;\">The monastery was again destroyed by Almoravides in 1114, so there was a second founding in 1117 and that new church is the one we see today.<\/span><\/p>\n<p style=\"text-align: justify;\"><span style=\"font-size: 12pt;\">In 1808, during French occupation of the city, the monks were evacuated from the church to use it as a hospital by the French army. From 1811 until 1813 it was occupied by the Italian army (allied of the French) and used as the local headquarter. In 1814, the monastery became a school-novitiate and the conservation of the building was almost lacking. Although the church was returned to the religious order in 1814, the rest of the monastery continued occupied by the French until 1824.<\/span><\/p>\n<p style=\"text-align: justify;\"><span style=\"font-size: 12pt;\">During the anticlerical riots in 1835, the monastery was burnt and demolished like most of the structures in Barcelona.<\/span><\/p>\n<p style=\"text-align: justify;\"><span style=\"font-size: 12pt;\">From 1842 until 1879, the Army whitewashed the cloister with slaked lime nearly every year for sanitary reasons. In 1899, a restoration plan was carried out by the architect Villar I Carmona, he sealed the main damages, cleaned the walls and removed all the lime plaster that covered the stones. In 1904, this phase was finished with the construction of the actual chapel.<\/span><\/p>\n<p style=\"text-align: justify;\"><span style=\"font-size: 12pt;\">In 1909, during the Tragic Week, the church suffered a small fire with no serious structural consequences but the parish house was destroyed. In 1930 the school of Sant Pau was created close to the church.<\/span><\/p>\n<p style=\"text-align: justify;\"><span style=\"font-size: 12pt;\">In 1936, the provoked fire on July 20th caused huge damage. The altars were destroyed and ornaments and artistic pieces disappeared or were destroyed. Some stone areas were damaged, pavements were partial or totally destroyed, as well as every wooden feature.<\/span><\/p>\n<p style=\"text-align: justify;\"><span style=\"font-size: 12pt;\">In 1939, Manuel Rovira begun the restoration works, but as it was a national monument since XIX century, the Spanish government and the city hall took charge of it. These restoration works were carried out during the 40\u2019s and 50\u2019s.<\/span><\/p>\n<p style=\"text-align: justify;\"><span style=\"font-size: 12pt;\">The last important catastrophe that affected the building was a flooding in 1981. Because of a heavy storm, the water reached 1.5 m above the ground level of the cloister. Finally, in 2007 the cloister was totally repaired.<\/span><\/p>\n<\/div>\n<\/div><\/div><\/div><div id=\"pgc-513-1-1\"  class=\"panel-grid-cell\" ><\/div><\/div><div id=\"pg-513-2\"  class=\"panel-grid panel-no-style\" ><div id=\"pgc-513-2-0\"  class=\"panel-grid-cell\" ><div id=\"panel-513-2-0-0\" class=\"so-panel widget widget_sow-editor panel-first-child panel-last-child\" data-index=\"3\" ><div\n\t\t\t\n\t\t\tclass=\"so-widget-sow-editor so-widget-sow-editor-base\"\n\t\t\t\n\t\t>\n<div class=\"siteorigin-widget-tinymce textwidget\">\n\t<h2>ARCHITECTURAL FEATURES AND GEOMETRY<\/h2>\n<p><span style=\"font-size: 12pt;\">It consist of three main parts: the church, the chapel and the cloister. The plan of the church has the form of a typical Greek cross, characterized by: a square nave with a length of 8.5m and a width of 8m; two rectangular arms of length 4.8 m and 7.3m respectively; a square central part of 8m each side; three semicircular apses with a diameter of 4.5m for the lateral ones and 7.1m for the main one.<\/span><\/p>\n<p><span style=\"font-size: 12pt;\">A large dome supported on four arches covers the central part. Barrel vaults characterize all the galleries of the church and semi-domes cover the three apses. The church has three-leaf stone-masonry with a total thickness of approximately 1m.<\/span><\/p>\n<p><span style=\"font-size: 12pt;\">In the right gallery of the church is the chapel: it has an area of 5.3x5.9m<sup>2<\/sup> and it is covered by a Neo-Gothic cross vault. The cloister has a square space of dimensions 14.4x13.2m<sup>2<\/sup>. The central part of this space is an \u201cimpluvium\u201d that collects rainwater. A gallery of width 2.7m runs all around this space.<\/span><\/p>\n<\/div>\n<\/div><\/div><\/div><div id=\"pgc-513-2-1\"  class=\"panel-grid-cell\" ><\/div><\/div><div id=\"pg-513-3\"  class=\"panel-grid panel-no-style\" ><div id=\"pgc-513-3-0\"  class=\"panel-grid-cell\" ><div id=\"panel-513-3-0-0\" class=\"so-panel widget widget_sow-editor panel-first-child\" data-index=\"5\" ><div\n\t\t\t\n\t\t\tclass=\"so-widget-sow-editor so-widget-sow-editor-base\"\n\t\t\t\n\t\t>\n<div class=\"siteorigin-widget-tinymce textwidget\">\n\t<h2>DAMAGES AND DIAGNOSIS<\/h2>\n<p style=\"text-align: justify;\"><span style=\"font-size: 12pt;\">Overall, Sant Pau del Camp is in very good condition, considering its age, the turbulent past that it has endured and the damaging previous restorative attempts. The building possesses very few structural faults of concern. The exterior of the building has endured the centuries well, suffering from minor decays such as weathering, exfoliation, minor cracking with vegetation growth in these cracks, patina growth and the recent addition of Portland cement mortar. While ideally these damages should be addressed, they are not attacking the structural integrity of the building yet and are of minor to moderate importance.<\/span><\/p>\n<p style=\"text-align: justify;\"><span style=\"font-size: 12pt;\">The interior of the church is also in good condition and offers a welcoming and attractive invitation to visitors. It also possesses decay such as stone exfoliation, mortar loss, cracking of varying degrees of severity, patina and mound growth, fire damage and staining and minor displacements in masonry. These too should be addressed but all can be classified as nonstructural damage which does not warrant large scale intervention.<\/span><\/p>\n<\/div>\n<\/div><\/div><div id=\"panel-513-3-0-2\" class=\"so-panel widget widget_sow-editor panel-last-child\" data-index=\"7\" ><div\n\t\t\t\n\t\t\tclass=\"so-widget-sow-editor so-widget-sow-editor-base\"\n\t\t\t\n\t\t>\n<div class=\"siteorigin-widget-tinymce textwidget\">\n\t<h2>REFERENCES<\/h2>\n<p><span style=\"font-size: 12pt;\">[1]\u00a0\u00a0\u00a0\u00a0\u00a0\u00a0\u00a0\u00a0 T. De Aquino Galliss\u00e1, <em>La Fundaci\u00f3n de la Iglesia de San Pablo del Campo. Leyenda hist\u00f3rica<\/em>. Barcelona: Arxiu Hist\u00f2ric de la Ciutat de Barcelona, 1876.<\/span><\/p>\n<p><span style=\"font-size: 12pt;\">[2]\u00a0\u00a0\u00a0\u00a0\u00a0\u00a0\u00a0\u00a0 A. Hueto Madrid and B. Meca Acosta, \u201cMonestir de Sant Pau del Camp\u202f: estudi hist\u00f2ric art\u00edstic,\u201d 1994.<\/span><\/p>\n<p><span style=\"font-size: 12pt;\">[3]\u00a0\u00a0\u00a0\u00a0\u00a0\u00a0\u00a0\u00a0 J. M. Mart\u00ed i Bonet, J. Alarc\u00f3n, E. Ribera, and F. Tena, <em>El martiri dels temples a la di\u00f2cesi de Barcelona (1936-1939)<\/em>. Barcelona, 2008.<\/span><\/p>\n<p><span style=\"font-size: 12pt;\">[1]\u00a0\u00a0\u00a0\u00a0\u00a0\u00a0\u00a0\u00a0 T. De Aquino Galliss\u00e1, <em>La Fundaci\u00f3n de la Iglesia de San Pablo del Campo. Leyenda hist\u00f3rica<\/em>. Barcelona: Arxiu Hist\u00f2ric de la Ciutat de Barcelona, 1876.<\/span><\/p>\n<p><span style=\"font-size: 12pt;\">[2]\u00a0\u00a0\u00a0\u00a0\u00a0\u00a0\u00a0\u00a0 A. Hueto Madrid and B. Meca Acosta, \u201cMonestir de Sant Pau del Camp\u202f: estudi hist\u00f2ric art\u00edstic,\u201d 1994.<\/span><\/p>\n<p><span style=\"font-size: 12pt;\">[3]\u00a0\u00a0\u00a0\u00a0\u00a0\u00a0\u00a0\u00a0 J. M. Mart\u00ed i Bonet, J. Alarc\u00f3n, E. Ribera, and F. Tena, <em>El martiri dels temples a la di\u00f2cesi de Barcelona (1936-1939)<\/em>. Barcelona, 2008.<\/span><\/p>\n<p><span style=\"font-size: 12pt;\">[4]\u00a0\u00a0\u00a0\u00a0\u00a0\u00a0\u00a0\u00a0 I. Millan Klusse, \u201cLas Relaciones pl\u00e1sticas en el monasterio rom\u00e1nico de Sant Pau del Camp\u202f: una aplicaci\u00f3n del pensamiento del Padro Van der Laan,\u201d 1985.<\/span><\/p>\n<p><span style=\"font-size: 12pt;\">[5]\u00a0\u00a0\u00a0\u00a0\u00a0\u00a0\u00a0\u00a0 J. Puig i Cadafalch, <em>L\u2019Arquitectura rom\u00e0nica a Catalunya<\/em>. Barcelona\u202f: Imprenta Ricard Duran, 1<\/span>920.<\/p>\n<\/div>\n<\/div><\/div><\/div><\/div><\/div>","protected":false},"excerpt":{"rendered":"<p>BRIEF HISTORYThere are different theories, depending on the author we read, about the establishment of the monastery. There exist documents that prove that Sant Pau del Camp was functioning as a monastery since 991. It is believed that the monastery was destroyed by Al Mansur\u2019s troops. After that, it was&hellip;<\/p>\n<p class=\"more-link-wrapper\"><a class=\"more-link\" href=\"https:\/\/iahc.upc.edu\/?p=513\">Continue Reading<\/a><\/p>\n","protected":false},"author":4,"featured_media":0,"comment_status":"closed","ping_status":"open","sticky":false,"template":"","format":"standard","meta":{"footnotes":""},"categories":[1],"tags":[7,8],"class_list":["post-513","post","type-post","status-publish","format-standard","hentry","category-uncategorized","tag-barcelona","tag-church"],"_links":{"self":[{"href":"https:\/\/iahc.upc.edu\/index.php?rest_route=\/wp\/v2\/posts\/513","targetHints":{"allow":["GET"]}}],"collection":[{"href":"https:\/\/iahc.upc.edu\/index.php?rest_route=\/wp\/v2\/posts"}],"about":[{"href":"https:\/\/iahc.upc.edu\/index.php?rest_route=\/wp\/v2\/types\/post"}],"author":[{"embeddable":true,"href":"https:\/\/iahc.upc.edu\/index.php?rest_route=\/wp\/v2\/users\/4"}],"replies":[{"embeddable":true,"href":"https:\/\/iahc.upc.edu\/index.php?rest_route=%2Fwp%2Fv2%2Fcomments&post=513"}],"version-history":[{"count":6,"href":"https:\/\/iahc.upc.edu\/index.php?rest_route=\/wp\/v2\/posts\/513\/revisions"}],"predecessor-version":[{"id":1380,"href":"https:\/\/iahc.upc.edu\/index.php?rest_route=\/wp\/v2\/posts\/513\/revisions\/1380"}],"wp:attachment":[{"href":"https:\/\/iahc.upc.edu\/index.php?rest_route=%2Fwp%2Fv2%2Fmedia&parent=513"}],"wp:term":[{"taxonomy":"category","embeddable":true,"href":"https:\/\/iahc.upc.edu\/index.php?rest_route=%2Fwp%2Fv2%2Fcategories&post=513"},{"taxonomy":"post_tag","embeddable":true,"href":"https:\/\/iahc.upc.edu\/index.php?rest_route=%2Fwp%2Fv2%2Ftags&post=513"}],"curies":[{"name":"wp","href":"https:\/\/api.w.org\/{rel}","templated":true}]}}