{"id":638,"date":"2017-03-07T08:26:27","date_gmt":"2017-03-07T08:26:27","guid":{"rendered":"http:\/\/iahc.upc.edu\/?p=638"},"modified":"2017-05-15T10:13:04","modified_gmt":"2017-05-15T10:13:04","slug":"cathedral-of-barcelona-nave2","status":"publish","type":"post","link":"https:\/\/iahc.upc.edu\/?p=638","title":{"rendered":"Cathedral of Barcelona &#8211; Nave"},"content":{"rendered":"<div id=\"pl-638\"  class=\"panel-layout\" ><div id=\"pg-638-0\"  class=\"panel-grid panel-no-style\" ><div id=\"pgc-638-0-0\"  class=\"panel-grid-cell\" ><div id=\"panel-638-0-0-0\" class=\"so-panel widget widget_sow-image panel-first-child panel-last-child\" data-index=\"0\" ><div\n\t\t\t\n\t\t\tclass=\"so-widget-sow-image so-widget-sow-image-default-c67d20f9f743-638\"\n\t\t\t\n\t\t>\n<div class=\"sow-image-container\">\n\t\t<img \n\tsrc=\"https:\/\/iahc.upc.edu\/wp-content\/uploads\/2017\/03\/DSCN4013.jpg\" width=\"300\" height=\"225\" sizes=\"(max-width: 300px) 100vw, 300px\" title=\"Front view of the actual Cathedral\" alt=\"\" \t\tclass=\"so-widget-image\"\/>\n\t<\/div>\n\n<\/div><\/div><\/div><\/div><div id=\"pg-638-1\"  class=\"panel-grid panel-no-style\" ><div id=\"pgc-638-1-0\"  class=\"panel-grid-cell\" ><div id=\"panel-638-1-0-0\" class=\"so-panel widget widget_sow-editor panel-first-child panel-last-child\" data-index=\"1\" ><div\n\t\t\t\n\t\t\tclass=\"so-widget-sow-editor so-widget-sow-editor-base\"\n\t\t\t\n\t\t>\n<div class=\"siteorigin-widget-tinymce textwidget\">\n\t<h2>BRIEF HISTORY<\/h2>\n<p style=\"text-align: justify;\"><span style=\"font-size: 12pt;\">Other constructions stood in this location prior to the Gothic building. The first of them was a Paleocristian basilica which already existed in the IV century and was severely damaged by Almanzor in 985. A Romanesque Cathedral was built on top of it during the XI century, which would be later coexisting within the Gothic Cathedral while the last one was being constructed.<\/span><\/p>\n<p style=\"text-align: justify;\"><span style=\"font-size: 12pt;\">The works of the Gothic Cathedral began in 1298 by Bertr\u00e1n Riquer. The construction progressed rather slowly and the main building was not completed until 160 years later.<\/span><\/p>\n<p style=\"text-align: justify;\"><span style=\"font-size: 12pt;\">At the beginning of the XV century, the builders Jaime Sol\u00e1, Arnaldo Bargu\u00e9s and Carl\u00ed Galt\u00e9s de Ru\u00e1n continued the construction during 1410 and 1430. They built the lower half of the temple and the cloister.\u00a0 In 1423 the old Romanesque dome was demolished.<\/span><\/p>\n<p style=\"text-align: justify;\"><span style=\"font-size: 12pt;\">At the beginning of the XV century, the Bishop Sapera ordered the construction of a new part containing the dome after the choir. In order to support the weight of the new dome, the lateral buttressed had to be strengthened. Two new buttresses inside the mayor facade and two pillars in front of the back choir were also needed to be built. These pillars are much thicker that the pillars of the rest of the cathedral. The massive facade did not stand complete until year 1889. Until then, it had the appearance of a simple wall. In 1913 the architect Augusto Font finished the 70 m high central spire.<\/span><\/p>\n<p style=\"text-align: justify;\"><span style=\"font-size: 12pt;\">The Cathedral suffered some damage during the siege of Barcelona in the Succession War by the duke of Berwick in 1714. Other minor damages were caused in 1938 due to a bombing during the Spanish Civil War; but, in general, it has been kept without any alteration of its integrity. However, as the dust and the smoking from the candles had darkened the walls, piers, vaults and, even, windows, a program of cleaning and restoration was carried out in 1968-72 by Juan Bassegoda Nonell. The latest renovation was finished in 2011 and included the front facade and the dome.<\/span><\/p>\n<\/div>\n<\/div><\/div><\/div><div id=\"pgc-638-1-1\"  class=\"panel-grid-cell\" ><\/div><\/div><div id=\"pg-638-2\"  class=\"panel-grid panel-no-style\" ><div id=\"pgc-638-2-0\"  class=\"panel-grid-cell\" ><div id=\"panel-638-2-0-0\" class=\"so-panel widget widget_sow-editor panel-first-child panel-last-child\" data-index=\"3\" ><div\n\t\t\t\n\t\t\tclass=\"so-widget-sow-editor so-widget-sow-editor-base\"\n\t\t\t\n\t\t>\n<div class=\"siteorigin-widget-tinymce textwidget\">\n\t<h2>ARCHITECTURAL FEATURES AND GEOMETRY<\/h2>\n<p style=\"text-align: justify;\"><span style=\"font-size: 12pt;\">The whole Cathedral was built with Montju\u00efct stone, typical stone used in Barcelona. The mayor altar was made of white marble.<\/span><\/p>\n<p style=\"text-align: justify;\"><span style=\"font-size: 12pt;\">The church is 93 m long and 40 m wide. The octagonal clock towers reach a height of more than 50 m. The spire of the central tower reaches a height of 90 m.<\/span><\/p>\n<p style=\"text-align: justify;\"><span style=\"font-size: 12pt;\">The central nave of Barcelona\u2019s Cathedral spans 12.8 m and has a maximum high of 25.6 m. The span of the side aisles is equal to one half the span of the nave.<\/span><\/p>\n<p style=\"text-align: justify;\"><span style=\"font-size: 12pt;\">The plan of the temple shows a very unconventional lay-out in which the dome is not erected over the crossing but over the first bay of the nave close to the facade, while the crossing is delimited by the two majestic clock towers, more commonly part of the facade.<\/span><\/p>\n<\/div>\n<\/div><\/div><\/div><div id=\"pgc-638-2-1\"  class=\"panel-grid-cell\" ><\/div><\/div><div id=\"pg-638-3\"  class=\"panel-grid panel-no-style\" ><div id=\"pgc-638-3-0\"  class=\"panel-grid-cell\" ><div id=\"panel-638-3-0-0\" class=\"so-panel widget widget_sow-editor panel-first-child\" data-index=\"5\" ><div\n\t\t\t\n\t\t\tclass=\"so-widget-sow-editor so-widget-sow-editor-base\"\n\t\t\t\n\t\t>\n<div class=\"siteorigin-widget-tinymce textwidget\">\n\t<h2>DAMAGE AND DIAGNOSIS<\/h2>\n<p style=\"text-align: justify;\"><span style=\"font-size: 12pt;\">One of the mayor damages that have been observed in the piers are the cracks. The origin of these cracks is likely to be related to the construction of the dome. Other types of cracks have also been observed in other piers at the right side of the cruise. Their origin is already unknown.<\/span><\/p>\n<p style=\"text-align: justify;\"><span style=\"font-size: 12pt;\">The original (lower) arches showed significant deformation prior to the construction of the new dome. For this reason, new arches were built to sustain the new construction. It is shown by a computer analysis undertaken by Pere Roca and Climent Molin that the deformation of the original structure is caused by the dead load of the original system. These original arches have an inadequate, semi-circular shape with bluntness and thus are not strong enough to sustain the deformation of the piers. The cracks that can be seen nowadays have probably appeared during the construction of the dome.<\/span><\/p>\n<\/div>\n<\/div><\/div><div id=\"panel-638-3-0-2\" class=\"so-panel widget widget_sow-editor panel-last-child\" data-index=\"7\" ><div\n\t\t\t\n\t\t\tclass=\"so-widget-sow-editor so-widget-sow-editor-base\"\n\t\t\t\n\t\t>\n<div class=\"siteorigin-widget-tinymce textwidget\">\n\t<h2>REFERENCES<\/h2>\n<p>[1]\u00a0\u00a0\u00a0\u00a0\u00a0\u00a0\u00a0\u00a0 P. Roca Fabregat, \u201cStudy of Gothic churches: inspection, monitoring and structural analysis,\u201d in <em>III Jornadas T\u00e9cnicas Internacionales de Tecnologia de la Rehabilitaci\u00f3n y Gesti\u00f3n del Patrimonio Construido\u202f: REHABEND 2009<\/em>, 2009, pp. 1\u201319.<\/p>\n<p>[2]\u00a0\u00a0\u00a0\u00a0\u00a0\u00a0\u00a0\u00a0 J. M. Marti I Bonet, <em>La Catedral de Barcelona: Historia i Histories<\/em>. Barcelona, 2010.<\/p>\n<p>[3]\u00a0\u00a0\u00a0\u00a0\u00a0\u00a0\u00a0\u00a0 A. Font y Carreras and B. Asociaci\u00f3n de arquitectos de Catalu\u00f1a., \u201cLa catedral de Barcelona; ligeras consideraciones sobre su belleza arquitect\u00f3nica.\u201d Domicilio social, [Barcelona], p. 30 p., 1891.<\/p>\n<p>[4]\u00a0\u00a0\u00a0\u00a0\u00a0\u00a0\u00a0\u00a0 J. Bassegoda i Nonell, \u201cRestauracions de la Catedral de Barcelona,\u201d <em>Butllet\u00ed la R. Acad\u00e8mia Catalana Belles Arts St. Jordi<\/em>, vol. 2, pp. 7\u201322, 1988.<\/p>\n<p>[5]\u00a0\u00a0\u00a0\u00a0\u00a0\u00a0\u00a0\u00a0 P. Albacinar, \u201cDamage survey and collapse mechanisms due to seismicty in Gothic Churches around Catalonia region and Mallorca,\u201d Universitat Polit\u00e8cnica de Catalunya, 2010.<\/p>\n<\/div>\n<\/div><\/div><\/div><\/div><\/div>","protected":false},"excerpt":{"rendered":"<p>BRIEF HISTORYOther constructions stood in this location prior to the Gothic building. The first of them was a Paleocristian basilica which already existed in the IV century and was severely damaged by Almanzor in 985. A Romanesque Cathedral was built on top of it during the XI century, which would&hellip;<\/p>\n<p class=\"more-link-wrapper\"><a class=\"more-link\" href=\"https:\/\/iahc.upc.edu\/?p=638\">Continue Reading<\/a><\/p>\n","protected":false},"author":4,"featured_media":0,"comment_status":"closed","ping_status":"open","sticky":false,"template":"","format":"standard","meta":{"footnotes":""},"categories":[1],"tags":[7,9],"class_list":["post-638","post","type-post","status-publish","format-standard","hentry","category-uncategorized","tag-barcelona","tag-cathedral"],"_links":{"self":[{"href":"https:\/\/iahc.upc.edu\/index.php?rest_route=\/wp\/v2\/posts\/638","targetHints":{"allow":["GET"]}}],"collection":[{"href":"https:\/\/iahc.upc.edu\/index.php?rest_route=\/wp\/v2\/posts"}],"about":[{"href":"https:\/\/iahc.upc.edu\/index.php?rest_route=\/wp\/v2\/types\/post"}],"author":[{"embeddable":true,"href":"https:\/\/iahc.upc.edu\/index.php?rest_route=\/wp\/v2\/users\/4"}],"replies":[{"embeddable":true,"href":"https:\/\/iahc.upc.edu\/index.php?rest_route=%2Fwp%2Fv2%2Fcomments&post=638"}],"version-history":[{"count":7,"href":"https:\/\/iahc.upc.edu\/index.php?rest_route=\/wp\/v2\/posts\/638\/revisions"}],"predecessor-version":[{"id":1304,"href":"https:\/\/iahc.upc.edu\/index.php?rest_route=\/wp\/v2\/posts\/638\/revisions\/1304"}],"wp:attachment":[{"href":"https:\/\/iahc.upc.edu\/index.php?rest_route=%2Fwp%2Fv2%2Fmedia&parent=638"}],"wp:term":[{"taxonomy":"category","embeddable":true,"href":"https:\/\/iahc.upc.edu\/index.php?rest_route=%2Fwp%2Fv2%2Fcategories&post=638"},{"taxonomy":"post_tag","embeddable":true,"href":"https:\/\/iahc.upc.edu\/index.php?rest_route=%2Fwp%2Fv2%2Ftags&post=638"}],"curies":[{"name":"wp","href":"https:\/\/api.w.org\/{rel}","templated":true}]}}