{"id":641,"date":"2017-03-07T08:39:37","date_gmt":"2017-03-07T08:39:37","guid":{"rendered":"http:\/\/iahc.upc.edu\/?p=641"},"modified":"2017-05-09T07:52:32","modified_gmt":"2017-05-09T07:52:32","slug":"cathedral-barcelona-cloister2","status":"publish","type":"post","link":"https:\/\/iahc.upc.edu\/?p=641","title":{"rendered":"Cathedral Barcelona &#8211; Cloister"},"content":{"rendered":"<div id=\"pl-641\"  class=\"panel-layout\" ><div id=\"pg-641-0\"  class=\"panel-grid panel-no-style\" ><div id=\"pgc-641-0-0\"  class=\"panel-grid-cell\" ><div id=\"panel-641-0-0-0\" class=\"so-panel widget widget_sow-image panel-first-child panel-last-child\" data-index=\"0\" ><div\n\t\t\t\n\t\t\tclass=\"so-widget-sow-image so-widget-sow-image-default-c67d20f9f743-641\"\n\t\t\t\n\t\t>\n<div class=\"sow-image-container\">\n\t\t<img \n\tsrc=\"https:\/\/iahc.upc.edu\/wp-content\/uploads\/2017\/03\/DSCN4026_.jpg\" width=\"225\" height=\"300\" sizes=\"(max-width: 225px) 100vw, 225px\" title=\"Cathedral Cloister G03\" alt=\"\" \t\tclass=\"so-widget-image\"\/>\n\t<\/div>\n\n<\/div><\/div><\/div><\/div><div id=\"pg-641-1\"  class=\"panel-grid panel-no-style\" ><div id=\"pgc-641-1-0\"  class=\"panel-grid-cell\" ><div id=\"panel-641-1-0-0\" class=\"so-panel widget widget_sow-editor panel-first-child panel-last-child\" data-index=\"1\" ><div\n\t\t\t\n\t\t\tclass=\"so-widget-sow-editor so-widget-sow-editor-base\"\n\t\t\t\n\t\t>\n<div class=\"siteorigin-widget-tinymce textwidget\">\n\t<h2>BRIEF HISTORY<\/h2>\n<p style=\"text-align: justify;\"><span style=\"font-size: 12pt;\">The construction of the Santa Eulalia\u2019s Cathedral was carried out during the centuries XII, XIV and XV but, since then, it has suffered a lot of interventions and restorations during the years. In 1298 the construction of the Gothic Cathedral started, but it was not until 1401 when the cloister was built. There were different architects involve along the construction: Beltr\u00e1n Riquer (1298), Arnau Bargues (1398-1408), Jaime Sol\u00e1 (140 - 1412) and Carles Balt\u00e9s de Ruan (1408).<\/span><\/p>\n<p style=\"text-align: justify;\"><span style=\"font-size: 12pt;\">There was a sequence of earthquakes in Barcelona between 1427 and 1428, but there were no important damages in the cloister.<\/span><\/p>\n<p style=\"text-align: justify;\"><span style=\"font-size: 12pt;\">In 1890, a renovation of the cloister\u2019s garden was done.<\/span><\/p>\n<p style=\"text-align: justify;\"><span style=\"font-size: 12pt;\">A religious residence was constructed in 1965 above the cloister in the southeast side with access from the sacristy. And in 1969, it was built a historical archive above the cloister in the Northeast side and a reform of the roof was done to fix the humidity problems.<\/span><\/p>\n<\/div>\n<\/div><\/div><\/div><div id=\"pgc-641-1-1\"  class=\"panel-grid-cell\" ><\/div><\/div><div id=\"pg-641-2\"  class=\"panel-grid panel-no-style\" ><div id=\"pgc-641-2-0\"  class=\"panel-grid-cell\" ><div id=\"panel-641-2-0-0\" class=\"so-panel widget widget_sow-editor panel-first-child panel-last-child\" data-index=\"3\" ><div\n\t\t\t\n\t\t\tclass=\"so-widget-sow-editor so-widget-sow-editor-base\"\n\t\t\t\n\t\t>\n<div class=\"siteorigin-widget-tinymce textwidget\">\n\t<h2>ARCHITECTURAL FEATURES AND GEOMETRY<\/h2>\n<p style=\"text-align: justify;\"><span style=\"font-size: 12pt;\">There are three entrances to the cloister: one from the Cathedral (Number 2 in the image of the plan), in Romanesque style from the former Romanesque church, and two from the street (numbers 3 and 4).<\/span><\/p>\n<p style=\"text-align: justify;\"><span style=\"font-size: 12pt;\">The Gothic cloister has a square shape (21x28.70 m<sup>2<\/sup> the inside square and 62x44m<sup>2<\/sup> the exterior one). The galleries are roofed by quadripartite pointed vaults, which create four galleries and twenty chapels around the central patio.<\/span><\/p>\n<p style=\"text-align: justify;\"><span style=\"font-size: 12pt;\">The structural material used for the cloister, as well as for the whole Cathedral, was Mountju\u00efc stone.<\/span><\/p>\n<\/div>\n<\/div><\/div><\/div><div id=\"pgc-641-2-1\"  class=\"panel-grid-cell\" ><\/div><\/div><div id=\"pg-641-3\"  class=\"panel-grid panel-no-style\" ><div id=\"pgc-641-3-0\"  class=\"panel-grid-cell\" ><div id=\"panel-641-3-0-0\" class=\"so-panel widget widget_sow-editor panel-first-child\" data-index=\"5\" ><div\n\t\t\t\n\t\t\tclass=\"so-widget-sow-editor so-widget-sow-editor-base\"\n\t\t\t\n\t\t>\n<div class=\"siteorigin-widget-tinymce textwidget\">\n\t<h1>DAMAGE AND DIAGNOSIS<\/h1>\n<p style=\"text-align: justify;\"><span style=\"font-size: 12pt;\">The general condition of the structure of Barcelona Cathedral Cloister is good. None of the cracks and damages founded during inspection are dangerous for structural stability. The crack appeared mainly due to adjustment of masonry to natural deformation of structure, for example caused be soil settlement and due to anthropogenic activities.<\/span><\/p>\n<\/div>\n<\/div><\/div><div id=\"panel-641-3-0-2\" class=\"so-panel widget widget_sow-editor panel-last-child\" data-index=\"7\" ><div\n\t\t\t\n\t\t\tclass=\"so-widget-sow-editor so-widget-sow-editor-base\"\n\t\t\t\n\t\t>\n<div class=\"siteorigin-widget-tinymce textwidget\">\n\t<h2>REFERENCES<\/h2>\n<p>[1]\u00a0\u00a0\u00a0\u00a0\u00a0\u00a0\u00a0\u00a0 J. M. Marti I Bonet, <em>La Catedral de Barcelona: Historia i Histories<\/em>. Barcelona, 2010.<\/p>\n<p>[2]\u00a0\u00a0\u00a0\u00a0\u00a0\u00a0\u00a0\u00a0 J. Bassegoda i Nonell, \u201cRestauracions de la Catedral de Barcelona,\u201d <em>Butllet\u00ed la R. Acad\u00e8mia Catalana Belles Arts St. Jordi<\/em>, vol. 2, pp. 7\u201322, 1988.<\/p>\n<p>[3]\u00a0\u00a0\u00a0\u00a0\u00a0\u00a0\u00a0\u00a0 J. Bassegoda i Nonell, \u201cEl sepulcro de Santa Eulalia de Barcelona,\u201d <em>Bolet\u00edn la Real Acad. Bellas Artes San Fernando<\/em>, vol. 58, pp. 123\u2013158, 1984.<\/p>\n<p>[4]\u00a0\u00a0\u00a0\u00a0\u00a0\u00a0\u00a0\u00a0 J. Bassegoda i Nonell, \u201cEl VII Centenario de la Catedral de Barcelona (1298-1998),\u201d <em>Bolet\u00edn la Real Acad. <\/em><em>Bellas Artes San Fernando<\/em>, vol. 87, pp. 103\u2013118, 1998.<\/p>\n<\/div>\n<\/div><\/div><\/div><\/div><\/div>","protected":false},"excerpt":{"rendered":"<p>BRIEF HISTORYThe construction of the Santa Eulalia\u2019s Cathedral was carried out during the centuries XII, XIV and XV but, since then, it has suffered a lot of interventions and restorations during the years. In 1298 the construction of the Gothic Cathedral started, but it was not until 1401 when the&hellip;<\/p>\n<p class=\"more-link-wrapper\"><a class=\"more-link\" href=\"https:\/\/iahc.upc.edu\/?p=641\">Continue Reading<\/a><\/p>\n","protected":false},"author":4,"featured_media":0,"comment_status":"closed","ping_status":"open","sticky":false,"template":"","format":"standard","meta":{"footnotes":""},"categories":[1],"tags":[7,9,10],"class_list":["post-641","post","type-post","status-publish","format-standard","hentry","category-uncategorized","tag-barcelona","tag-cathedral","tag-cloister"],"_links":{"self":[{"href":"https:\/\/iahc.upc.edu\/index.php?rest_route=\/wp\/v2\/posts\/641","targetHints":{"allow":["GET"]}}],"collection":[{"href":"https:\/\/iahc.upc.edu\/index.php?rest_route=\/wp\/v2\/posts"}],"about":[{"href":"https:\/\/iahc.upc.edu\/index.php?rest_route=\/wp\/v2\/types\/post"}],"author":[{"embeddable":true,"href":"https:\/\/iahc.upc.edu\/index.php?rest_route=\/wp\/v2\/users\/4"}],"replies":[{"embeddable":true,"href":"https:\/\/iahc.upc.edu\/index.php?rest_route=%2Fwp%2Fv2%2Fcomments&post=641"}],"version-history":[{"count":11,"href":"https:\/\/iahc.upc.edu\/index.php?rest_route=\/wp\/v2\/posts\/641\/revisions"}],"predecessor-version":[{"id":1602,"href":"https:\/\/iahc.upc.edu\/index.php?rest_route=\/wp\/v2\/posts\/641\/revisions\/1602"}],"wp:attachment":[{"href":"https:\/\/iahc.upc.edu\/index.php?rest_route=%2Fwp%2Fv2%2Fmedia&parent=641"}],"wp:term":[{"taxonomy":"category","embeddable":true,"href":"https:\/\/iahc.upc.edu\/index.php?rest_route=%2Fwp%2Fv2%2Fcategories&post=641"},{"taxonomy":"post_tag","embeddable":true,"href":"https:\/\/iahc.upc.edu\/index.php?rest_route=%2Fwp%2Fv2%2Ftags&post=641"}],"curies":[{"name":"wp","href":"https:\/\/api.w.org\/{rel}","templated":true}]}}