{"id":908,"date":"2017-03-13T08:34:57","date_gmt":"2017-03-13T08:34:57","guid":{"rendered":"http:\/\/iahc.upc.edu\/?p=908"},"modified":"2017-04-20T09:59:09","modified_gmt":"2017-04-20T09:59:09","slug":"sant-felipe-neri-oratory","status":"publish","type":"post","link":"https:\/\/iahc.upc.edu\/?p=908","title":{"rendered":"Sant Felipe Neri Oratory"},"content":{"rendered":"<div id=\"pl-908\"  class=\"panel-layout\" ><div id=\"pg-908-0\"  class=\"panel-grid panel-no-style\" ><div id=\"pgc-908-0-0\"  class=\"panel-grid-cell\" ><div id=\"panel-908-0-0-0\" class=\"so-panel widget widget_sow-image panel-first-child panel-last-child\" data-index=\"0\" ><div\n\t\t\t\n\t\t\tclass=\"so-widget-sow-image so-widget-sow-image-default-c67d20f9f743-908\"\n\t\t\t\n\t\t>\n<div class=\"sow-image-container\">\n\t\t<img \n\tsrc=\"https:\/\/iahc.upc.edu\/wp-content\/uploads\/2017\/03\/Sant-Felipe-Neri-Oratory.jpg\" width=\"226\" height=\"300\" sizes=\"(max-width: 226px) 100vw, 226px\" alt=\"\" \t\tclass=\"so-widget-image\"\/>\n\t<\/div>\n\n<\/div><\/div><\/div><\/div><div id=\"pg-908-1\"  class=\"panel-grid panel-no-style\" ><div id=\"pgc-908-1-0\"  class=\"panel-grid-cell\" ><div id=\"panel-908-1-0-0\" class=\"so-panel widget widget_sow-editor panel-first-child panel-last-child\" data-index=\"1\" ><div\n\t\t\t\n\t\t\tclass=\"so-widget-sow-editor so-widget-sow-editor-base\"\n\t\t\t\n\t\t>\n<div class=\"siteorigin-widget-tinymce textwidget\">\n\t<h2>BRIEF HISTORY<\/h2>\n<p style=\"text-align: justify;\"><span style=\"font-size: 12pt;\">The history of this building starts at the beginning of 1883. The 1<sup>st<\/sup> June of that year, to commemorate the new Gracia\u2019s Congregation, the construction of the chapel and de oratory started. It was not until January the 2<sup>nd<\/sup> 1885 when the building was inaugurated.<\/span><\/p>\n<p style=\"text-align: justify;\"><span style=\"font-size: 12pt;\">For a few years the chapel fulfilled the objectives for which it had been designed but quickly they needed more space due to a greater number of the faithful. A parallel church to the initial chapel was made as an extension of the building. The works for this extension started in August 12<sup>th<\/sup> 1891 and the inauguration was in 1901.<\/span><\/p>\n<p style=\"text-align: justify;\"><span style=\"font-size: 12pt;\">Eight years after, the last week of 1909, during the Tragic Week in Barcelona, the church was burned by a group of anarchists who assaulted the church. Because of this event, the building was completely destroyed except for the structural elements that were damaged by fire but remained standing. The reconstruction of the church was made in 1910.<\/span><\/p>\n<p style=\"text-align: justify;\"><span style=\"font-size: 12pt;\">At the beginning of the Spanish Civil War, in 1936, the church was reconverted into a military barracks.<\/span><\/p>\n<p style=\"text-align: justify;\"><span style=\"font-size: 12pt;\">Until 1965, the Oratory remained as it was after the Spanish Civil Postwar restoration, but that year it was decided to make an extension of 3 floors.<\/span><\/p>\n<p style=\"text-align: justify;\"><span style=\"font-size: 12pt;\">The last restoration in 1988 consisted in a new design of the main facade by the architect Josep Artigas i Ramoneda, who tried to reproduce the facade of Saint Felipe Neri Chucrch placed in Ciudat Vella.<\/span><\/p>\n<\/div>\n<\/div><\/div><\/div><div id=\"pgc-908-1-1\"  class=\"panel-grid-cell\" ><\/div><\/div><div id=\"pg-908-2\"  class=\"panel-grid panel-no-style\" ><div id=\"pgc-908-2-0\"  class=\"panel-grid-cell\" ><div id=\"panel-908-2-0-0\" class=\"so-panel widget widget_sow-editor panel-first-child panel-last-child\" data-index=\"3\" ><div\n\t\t\t\n\t\t\tclass=\"so-widget-sow-editor so-widget-sow-editor-base\"\n\t\t\t\n\t\t>\n<div class=\"siteorigin-widget-tinymce textwidget\">\n\t<h2>ARCHITECTURAL FEATURES AND GEOMETRY<\/h2>\n<p style=\"text-align: justify;\"><span style=\"font-size: 12pt;\">The church can be classified as a new-baroque construction due to its similarity with the one in Ciutat Vella. The church is 39m long (direction parallel to Street Montseny) and 24m wide (parallel to Street Sol). The highest part \u2013 center of the dome - is approximately 21m high. The bell tower located in the corner of the church is 30m high and its dimensions on plan are 5.7x4 m<sup>2<\/sup>.<\/span><\/p>\n<p style=\"text-align: justify;\"><span style=\"font-size: 12pt;\">The church has a rectangular shape with a Latin cross plan. It has three naves: the central one is the highest, segmented into four bays till the transept and it joints the naves with the semicircular apse.<\/span><\/p>\n<p style=\"text-align: justify;\"><span style=\"font-size: 12pt;\">The intersection of the central nave with the transept leads to a place covered by a vault. Both, the vaults of the central nave and the transept arms, are intersected by lunettes of parabolic section.<\/span><\/p>\n<p style=\"text-align: justify;\"><span style=\"font-size: 12pt;\">The building has a ground floor level and a top floor spanning the aisles, the choir and the dependences bordering the apse. The elements of communication between plants are in the bell tower and the staircase of the choir.<\/span><\/p>\n<\/div>\n<\/div><\/div><\/div><div id=\"pgc-908-2-1\"  class=\"panel-grid-cell\" ><\/div><\/div><div id=\"pg-908-3\"  class=\"panel-grid panel-no-style\" ><div id=\"pgc-908-3-0\"  class=\"panel-grid-cell\" ><div id=\"panel-908-3-0-0\" class=\"so-panel widget widget_sow-editor panel-first-child\" data-index=\"5\" ><div\n\t\t\t\n\t\t\tclass=\"so-widget-sow-editor so-widget-sow-editor-base\"\n\t\t\t\n\t\t>\n<div class=\"siteorigin-widget-tinymce textwidget\">\n\t<h2>DAMAGE AND DIAGNOSIS<\/h2>\n<p style=\"text-align: justify;\"><span style=\"font-size: 12pt;\">The combination of the visual inspection with the structural analysis led to the conclusion that the safety and stability of the church cannot be guaranteed.<\/span><\/p>\n<p style=\"text-align: justify;\"><span style=\"font-size: 12pt;\">The district of Gr\u00e0cia is an area with has a deformable soil, as it is mainly constituted by gravel and sands.\u00a0 Due to the presence of such soil and the observation on the behavior of the cracks that crosses the main volts of the nave, it was assumed that the piers of the church are rotating. Hence, it was concluded that there was a process of soil settlement below the church.<\/span><\/p>\n<p style=\"text-align: justify;\"><span style=\"font-size: 12pt;\">In the bell tower, it can be seen several cracks with the same behavior. They are vertical, long but discontinuous. Such cracks may be caused by compressible forces acting on the walls of the bell tower.<\/span><\/p>\n<p style=\"text-align: justify;\"><span style=\"font-size: 12pt;\">The metallic trusses existing on the roof of the church were installed in the 1980s. These trusses have deformed and seem to damage the dome and the side walls that support it. \u00a0Part of the truss is touching the extrados of the dome, probably causing some of the cracks that may be observed in the dome's intrados.<\/span><\/p>\n<p style=\"text-align: justify;\"><span style=\"font-size: 12pt;\">\u00a0<\/span><\/p>\n<\/div>\n<\/div><\/div><div id=\"panel-908-3-0-2\" class=\"so-panel widget widget_sow-editor panel-last-child\" data-index=\"7\" ><div\n\t\t\t\n\t\t\tclass=\"so-widget-sow-editor so-widget-sow-editor-base\"\n\t\t\t\n\t\t>\n<div class=\"siteorigin-widget-tinymce textwidget\">\n\t<h2>REFERENCES<\/h2>\n<p>[1]\u00a0\u00a0\u00a0\u00a0\u00a0\u00a0\u00a0\u00a0 F. Oliv\u00e9 Guilera, \u201cToponimia popular graciensa,\u201d <em>Bullet\u00ed la Soc. D\u2019Onom\u00e0stica<\/em>, vol. LIV, pp. 383\u2013395, 1993.<\/p>\n<p>[2]\u00a0\u00a0\u00a0\u00a0\u00a0\u00a0\u00a0\u00a0 F. Col\u00e1s i Peir\u00f3 and N. Ses\u00e9 i Aparicio, <em>L\u2019Oratori de Sant Felip Neri de Gr\u00e0cia\u202f: cent anys de vida<\/em>. Barcelona\u202f: [Oratori de Sant Felip Neri], 1996.<\/p>\n<\/div>\n<\/div><\/div><\/div><\/div><\/div>","protected":false},"excerpt":{"rendered":"<p>BRIEF HISTORYThe history of this building starts at the beginning of 1883. The 1st June of that year, to commemorate the new Gracia\u2019s Congregation, the construction of the chapel and de oratory started. It was not until January the 2nd 1885 when the building was inaugurated.For a few years the&hellip;<\/p>\n<p class=\"more-link-wrapper\"><a class=\"more-link\" href=\"https:\/\/iahc.upc.edu\/?p=908\">Continue Reading<\/a><\/p>\n","protected":false},"author":4,"featured_media":0,"comment_status":"closed","ping_status":"open","sticky":false,"template":"","format":"standard","meta":{"footnotes":""},"categories":[1],"tags":[7,13],"class_list":["post-908","post","type-post","status-publish","format-standard","hentry","category-uncategorized","tag-barcelona","tag-oratory"],"_links":{"self":[{"href":"https:\/\/iahc.upc.edu\/index.php?rest_route=\/wp\/v2\/posts\/908","targetHints":{"allow":["GET"]}}],"collection":[{"href":"https:\/\/iahc.upc.edu\/index.php?rest_route=\/wp\/v2\/posts"}],"about":[{"href":"https:\/\/iahc.upc.edu\/index.php?rest_route=\/wp\/v2\/types\/post"}],"author":[{"embeddable":true,"href":"https:\/\/iahc.upc.edu\/index.php?rest_route=\/wp\/v2\/users\/4"}],"replies":[{"embeddable":true,"href":"https:\/\/iahc.upc.edu\/index.php?rest_route=%2Fwp%2Fv2%2Fcomments&post=908"}],"version-history":[{"count":5,"href":"https:\/\/iahc.upc.edu\/index.php?rest_route=\/wp\/v2\/posts\/908\/revisions"}],"predecessor-version":[{"id":1428,"href":"https:\/\/iahc.upc.edu\/index.php?rest_route=\/wp\/v2\/posts\/908\/revisions\/1428"}],"wp:attachment":[{"href":"https:\/\/iahc.upc.edu\/index.php?rest_route=%2Fwp%2Fv2%2Fmedia&parent=908"}],"wp:term":[{"taxonomy":"category","embeddable":true,"href":"https:\/\/iahc.upc.edu\/index.php?rest_route=%2Fwp%2Fv2%2Fcategories&post=908"},{"taxonomy":"post_tag","embeddable":true,"href":"https:\/\/iahc.upc.edu\/index.php?rest_route=%2Fwp%2Fv2%2Ftags&post=908"}],"curies":[{"name":"wp","href":"https:\/\/api.w.org\/{rel}","templated":true}]}}