{"id":912,"date":"2017-03-13T08:50:11","date_gmt":"2017-03-13T08:50:11","guid":{"rendered":"http:\/\/iahc.upc.edu\/?p=912"},"modified":"2017-04-05T10:08:34","modified_gmt":"2017-04-05T10:08:34","slug":"santa-anna-church","status":"publish","type":"post","link":"https:\/\/iahc.upc.edu\/?p=912","title":{"rendered":"Santa Anna church"},"content":{"rendered":"<div id=\"pl-912\"  class=\"panel-layout\" ><div id=\"pg-912-0\"  class=\"panel-grid panel-no-style\" ><div id=\"pgc-912-0-0\"  class=\"panel-grid-cell\" ><div id=\"panel-912-0-0-0\" class=\"so-panel widget widget_sow-image panel-first-child panel-last-child\" data-index=\"0\" ><div\n\t\t\t\n\t\t\tclass=\"so-widget-sow-image so-widget-sow-image-default-c67d20f9f743-912\"\n\t\t\t\n\t\t>\n<div class=\"sow-image-container\">\n\t\t<img \n\tsrc=\"https:\/\/iahc.upc.edu\/wp-content\/uploads\/2017\/03\/Santa-Anna.jpg\" width=\"300\" height=\"225\" sizes=\"(max-width: 300px) 100vw, 300px\" alt=\"\" \t\tclass=\"so-widget-image\"\/>\n\t<\/div>\n\n<\/div><\/div><\/div><\/div><div id=\"pg-912-1\"  class=\"panel-grid panel-no-style\" ><div id=\"pgc-912-1-0\"  class=\"panel-grid-cell\" ><div id=\"panel-912-1-0-0\" class=\"so-panel widget widget_sow-editor panel-first-child panel-last-child\" data-index=\"1\" ><div\n\t\t\t\n\t\t\tclass=\"so-widget-sow-editor so-widget-sow-editor-base\"\n\t\t\t\n\t\t>\n<div class=\"siteorigin-widget-tinymce textwidget\">\n\t<h2>BRIEF HISTORY<\/h2>\n<p style=\"text-align: justify;\"><span style=\"font-size: 12pt;\">The Holy Sepulcher Order settled in Barcelona in a church near to the Cathedral. Then in 1177, they built a new church placed where the present one is, the architect was Ram\u00f3n Amadeu.<\/span><\/p>\n<p style=\"text-align: justify;\"><span style=\"font-size: 12pt;\">The church has had different names due to the changes of it denomination (collegiate church or parish) and also because of the changes in the Orders.<\/span><\/p>\n<p style=\"text-align: justify;\"><span style=\"font-size: 12pt;\">The church was reformed in 1835. Some years after, in 1873 the church was profaned by anti-religious groups as many other churches in Barcelona at that time. Because of this, it was closed to the public during some time.<\/span><\/p>\n<p style=\"text-align: justify;\"><span style=\"font-size: 12pt;\">In 1875 the surrounding areas where urbanized, in consequence, some of the constructions belonging the church where destroyed. But in 1881 it was named as a National Monument to avoid it demolition.<\/span><\/p>\n<p style=\"text-align: justify;\"><span style=\"font-size: 12pt;\">The dimensions of the church were not enough to admit all the public, so in 1887 they started the construction of a new and independent building. It was inaugurated in 1914 but it was not still finished.<\/span><\/p>\n<p style=\"text-align: justify;\"><span style=\"font-size: 12pt;\">The priest Ram\u00f3n Balcells (1920-1936) was very active and he did some restorations in the church till he was murdered in 1936 during the Spanish Civil War. He renewed some altars, and in the main one and in the exterior facades he put adobe where there had been other constructions annexed.<\/span><\/p>\n<p style=\"text-align: justify;\"><span style=\"font-size: 12pt;\">In 1936 the church was fired, both the old one and the new one (Neo-gothic part). Due to this event, the dome was destroyed and it is possible to observe the new cimborio made with bricks. The old church conserved the exterior walls despite the fire, but the new one was demolished in 1938.<\/span><\/p>\n<\/div>\n<\/div><\/div><\/div><div id=\"pgc-912-1-1\"  class=\"panel-grid-cell\" ><\/div><\/div><div id=\"pg-912-2\"  class=\"panel-grid panel-no-style\" ><div id=\"pgc-912-2-0\"  class=\"panel-grid-cell\" ><div id=\"panel-912-2-0-0\" class=\"so-panel widget widget_sow-editor panel-first-child panel-last-child\" data-index=\"3\" ><div\n\t\t\t\n\t\t\tclass=\"so-widget-sow-editor so-widget-sow-editor-base\"\n\t\t\t\n\t\t>\n<div class=\"siteorigin-widget-tinymce textwidget\">\n\t<h2>ARCHITECTURAL FEATURES AND GEOMETRY<\/h2>\n<p style=\"text-align: justify;\"><span style=\"font-size: 12pt;\">The church of Saint Anna is an example of Romanic architecture with a Gothic style easily to notice in the nave.<\/span><\/p>\n<p style=\"text-align: justify;\"><span style=\"font-size: 12pt;\">It conserves from its origins the structure with the square apse and the cross plan with a barrel vault from the XIII century. The main entrance has a Gothic style from the year 1300.<\/span><\/p>\n<p style=\"text-align: justify;\"><span style=\"font-size: 12pt;\">The cloister has a Gothic style. It has 10 pointed arches in each lateral. The upper part of the cloister was burned in 1936 so it had to be built again.<\/span><\/p>\n<\/div>\n<\/div><\/div><\/div><div id=\"pgc-912-2-1\"  class=\"panel-grid-cell\" ><\/div><\/div><div id=\"pg-912-3\"  class=\"panel-grid panel-no-style\" ><div id=\"pgc-912-3-0\"  class=\"panel-grid-cell\" ><div id=\"panel-912-3-0-0\" class=\"so-panel widget widget_sow-editor panel-first-child\" data-index=\"5\" ><div\n\t\t\t\n\t\t\tclass=\"so-widget-sow-editor so-widget-sow-editor-base\"\n\t\t\t\n\t\t>\n<div class=\"siteorigin-widget-tinymce textwidget\">\n\t<h2>DAMAGE AND DIAGNOSIS<\/h2>\n<p style=\"text-align: justify;\"><span style=\"font-size: 12pt;\">The damages noticed in the inspection do not affect the structure stability, but if they are not repaired they could reduce the durability of the materials.<\/span><\/p>\n<\/div>\n<\/div><\/div><div id=\"panel-912-3-0-2\" class=\"so-panel widget widget_sow-editor panel-last-child\" data-index=\"7\" ><div\n\t\t\t\n\t\t\tclass=\"so-widget-sow-editor so-widget-sow-editor-base\"\n\t\t\t\n\t\t>\n<div class=\"siteorigin-widget-tinymce textwidget\">\n\t<h2>REFERENCES<\/h2>\n<p>[1]\u00a0\u00a0\u00a0\u00a0\u00a0\u00a0\u00a0\u00a0 J. M. Azc\u00e1rate Ristori, \u201cMonumentos espa\u00f1oles,\u201d in <em>Cat\u00e1logo de los declarados hist\u00f3rico-art\u00edsticos<\/em>, J. M. Azc\u00e1rate Ristori, Ed. Madrid: CSIC, 1954, pp. 74\u201375.<\/p>\n<p>[2]\u00a0\u00a0\u00a0\u00a0\u00a0\u00a0\u00a0\u00a0 J. Ainaud, J. Gudiol, and F. P. Verrie, <em>Cat\u00e1logo monumental de Espa\u00f1a: la ciudad de Barcelona (vol. 2)<\/em>, 1st ed. Madrid: CSIC, 1947.<\/p>\n<p>[3]\u00a0\u00a0\u00a0\u00a0\u00a0\u00a0\u00a0\u00a0 J. Aran i Suriol, <em>Santa Anna de Barcelona. Monestir, Colegiata, Parroquia.<\/em> Barcelona: Editorial Mediterr\u00e0nia, 2002.<\/p>\n<p>[4]\u00a0\u00a0\u00a0\u00a0\u00a0\u00a0\u00a0\u00a0 A. A. Pi y Arim\u00f3n, <em>Barcelona antigua y moderna \u00f3 descripci\u00f3n e historia de esta ciudad desde su fundaci\u00f3n hasta nuestros d\u00edas<\/em>. Barcelona: Imprenta y librer\u00eda polit\u00e9cnica de Tom\u00e1s Gorchs, 1854.<\/p>\n<p>[5]\u00a0\u00a0\u00a0\u00a0\u00a0\u00a0\u00a0\u00a0 A. Campany, <em>La Iglesia de Santa Ana de Barcelona (Vol XVII)<\/em>. Barcelona: Liberia Francisco Puig, 1929.<\/p>\n<p>[6]\u00a0\u00a0\u00a0\u00a0\u00a0\u00a0\u00a0\u00a0 C. Flores and E. Amann, \u201cLa arquitectura de Barcelona,\u201d <em>Hogar y Arquitectura<\/em>, Madrid, 1964.<\/p>\n<p>[7]\u00a0\u00a0\u00a0\u00a0\u00a0\u00a0\u00a0\u00a0 \u201cBlog Parroquia de Santa Ana.\u201d [Online]. Available: http:\/\/www.parroquiasantaanna.org\/. [Accessed: 08-Jan-2015].<\/p>\n<p>[8]\u00a0\u00a0\u00a0\u00a0\u00a0\u00a0\u00a0\u00a0 J. Emili Hern\u00e1ndez-Cros, G. Mora, and X. Pouplana, <em>Arquitectura de Barcelona<\/em>. Barcelona: Demarcaci\u00f3 de Barcelona del Col\u00b7legi de Catalunya, 1990.<\/p>\n<p>[9]\u00a0\u00a0\u00a0\u00a0\u00a0\u00a0\u00a0\u00a0 B. Baldiri, \u201cMonasterios de Catalu\u00f1a,\u201d <em>2016<\/em>. [Online]. Available: http:\/\/www.monestirs.cat\/monst\/bcn\/cbn02anna.htm. [Accessed: 14-Nov-2016].<\/p>\n<\/div>\n<\/div><\/div><\/div><\/div><\/div>","protected":false},"excerpt":{"rendered":"<p>BRIEF HISTORYThe Holy Sepulcher Order settled in Barcelona in a church near to the Cathedral. Then in 1177, they built a new church placed where the present one is, the architect was Ram\u00f3n Amadeu.The church has had different names due to the changes of it denomination (collegiate church or parish)&hellip;<\/p>\n<p class=\"more-link-wrapper\"><a class=\"more-link\" href=\"https:\/\/iahc.upc.edu\/?p=912\">Continue Reading<\/a><\/p>\n","protected":false},"author":4,"featured_media":0,"comment_status":"closed","ping_status":"open","sticky":false,"template":"","format":"standard","meta":{"footnotes":""},"categories":[1],"tags":[7,8],"class_list":["post-912","post","type-post","status-publish","format-standard","hentry","category-uncategorized","tag-barcelona","tag-church"],"_links":{"self":[{"href":"https:\/\/iahc.upc.edu\/index.php?rest_route=\/wp\/v2\/posts\/912","targetHints":{"allow":["GET"]}}],"collection":[{"href":"https:\/\/iahc.upc.edu\/index.php?rest_route=\/wp\/v2\/posts"}],"about":[{"href":"https:\/\/iahc.upc.edu\/index.php?rest_route=\/wp\/v2\/types\/post"}],"author":[{"embeddable":true,"href":"https:\/\/iahc.upc.edu\/index.php?rest_route=\/wp\/v2\/users\/4"}],"replies":[{"embeddable":true,"href":"https:\/\/iahc.upc.edu\/index.php?rest_route=%2Fwp%2Fv2%2Fcomments&post=912"}],"version-history":[{"count":4,"href":"https:\/\/iahc.upc.edu\/index.php?rest_route=\/wp\/v2\/posts\/912\/revisions"}],"predecessor-version":[{"id":1027,"href":"https:\/\/iahc.upc.edu\/index.php?rest_route=\/wp\/v2\/posts\/912\/revisions\/1027"}],"wp:attachment":[{"href":"https:\/\/iahc.upc.edu\/index.php?rest_route=%2Fwp%2Fv2%2Fmedia&parent=912"}],"wp:term":[{"taxonomy":"category","embeddable":true,"href":"https:\/\/iahc.upc.edu\/index.php?rest_route=%2Fwp%2Fv2%2Fcategories&post=912"},{"taxonomy":"post_tag","embeddable":true,"href":"https:\/\/iahc.upc.edu\/index.php?rest_route=%2Fwp%2Fv2%2Ftags&post=912"}],"curies":[{"name":"wp","href":"https:\/\/api.w.org\/{rel}","templated":true}]}}